{"id":133,"date":"2022-02-28T21:00:48","date_gmt":"2022-02-28T20:00:48","guid":{"rendered":"https:\/\/historiatercerocaup2022.umh.es\/?p=133"},"modified":"2022-03-01T09:25:43","modified_gmt":"2022-03-01T08:25:43","slug":"elena-francis-el-rincon-intimo-de-las-mujeres-en-el-franquismo-alberto-lopez","status":"publish","type":"post","link":"https:\/\/historiatercerocaup2022.umh.es\/ca\/2022\/02\/28\/elena-francis-el-rincon-intimo-de-las-mujeres-en-el-franquismo-alberto-lopez\/","title":{"rendered":"<span lang=\"es\">(Espa\u00f1ol) Elena Francis: el rinc\u00f3n \u00edntimo de las mujeres en el franquismo-Alberto L\u00f3pez<\/span>"},"content":{"rendered":"<p class=\"qtranxs-available-languages-message qtranxs-available-languages-message-ca\">Ho sentim, aquesta entrada es troba disponible \u00fanicament en <a href=\"https:\/\/historiatercerocaup2022.umh.es\/es\/wp-json\/wp\/v2\/posts\/133\" class=\"qtranxs-available-language-link qtranxs-available-language-link-es\" title=\"Espa\u00f1ol\">Espanyol Europeu<\/a>.<\/p>","protected":false},"excerpt":{"rendered":"<p>Ho sentim, aquesta entrada es troba disponible \u00fanicament en Espanyol Europeu.<\/p>\n","protected":false},"author":8972,"featured_media":0,"comment_status":"closed","ping_status":"open","sticky":false,"template":"","format":"standard","meta":{"_et_pb_use_builder":"","_et_pb_old_content":"","_et_gb_content_width":"","_links_to":"","_links_to_target":""},"categories":[984061],"tags":[],"_links":{"self":[{"href":"https:\/\/historiatercerocaup2022.umh.es\/ca\/wp-json\/wp\/v2\/posts\/133"}],"collection":[{"href":"https:\/\/historiatercerocaup2022.umh.es\/ca\/wp-json\/wp\/v2\/posts"}],"about":[{"href":"https:\/\/historiatercerocaup2022.umh.es\/ca\/wp-json\/wp\/v2\/types\/post"}],"author":[{"embeddable":true,"href":"https:\/\/historiatercerocaup2022.umh.es\/ca\/wp-json\/wp\/v2\/users\/8972"}],"replies":[{"embeddable":true,"href":"https:\/\/historiatercerocaup2022.umh.es\/ca\/wp-json\/wp\/v2\/comments?post=133"}],"version-history":[{"count":0,"href":"https:\/\/historiatercerocaup2022.umh.es\/ca\/wp-json\/wp\/v2\/posts\/133\/revisions"}],"wp:attachment":[{"href":"https:\/\/historiatercerocaup2022.umh.es\/ca\/wp-json\/wp\/v2\/media?parent=133"}],"wp:term":[{"taxonomy":"category","embeddable":true,"href":"https:\/\/historiatercerocaup2022.umh.es\/ca\/wp-json\/wp\/v2\/categories?post=133"},{"taxonomy":"post_tag","embeddable":true,"href":"https:\/\/historiatercerocaup2022.umh.es\/ca\/wp-json\/wp\/v2\/tags?post=133"}],"curies":[{"name":"wp","href":"https:\/\/api.w.org\/{rel}","templated":true}]}}