{"id":1432,"date":"2022-03-29T09:04:07","date_gmt":"2022-03-29T07:04:07","guid":{"rendered":"https:\/\/historiatercerocaup2022.umh.es\/?p=1432"},"modified":"2022-03-29T09:04:07","modified_gmt":"2022-03-29T07:04:07","slug":"brecha-digital-un-problema-que-tambien-corresponde-al-genero-alba-garcia-pascual","status":"publish","type":"post","link":"https:\/\/historiatercerocaup2022.umh.es\/en\/2022\/03\/29\/brecha-digital-un-problema-que-tambien-corresponde-al-genero-alba-garcia-pascual\/","title":{"rendered":"<span lang=\"es\">(Espa\u00f1ol) BRECHA DIGITAL, UN PROBLEMA QUE TAMBI\u00c9N CORRESPONDE AL G\u00c9NERO &#8211; Alba Garc\u00eda Pascual<\/span>"},"content":{"rendered":"<p class=\"qtranxs-available-languages-message qtranxs-available-languages-message-en\">Sorry, this entry is only available in <a href=\"https:\/\/historiatercerocaup2022.umh.es\/es\/wp-json\/wp\/v2\/posts\/1432\" class=\"qtranxs-available-language-link qtranxs-available-language-link-es\" title=\"Espa\u00f1ol\">European Spanish<\/a>.<\/p>","protected":false},"excerpt":{"rendered":"<p>Sorry, this entry is only available in European Spanish.<\/p>\n","protected":false},"author":8882,"featured_media":0,"comment_status":"closed","ping_status":"open","sticky":false,"template":"","format":"standard","meta":{"_et_pb_use_builder":"","_et_pb_old_content":"","_et_gb_content_width":"","_links_to":"","_links_to_target":""},"categories":[983222],"tags":[],"_links":{"self":[{"href":"https:\/\/historiatercerocaup2022.umh.es\/en\/wp-json\/wp\/v2\/posts\/1432"}],"collection":[{"href":"https:\/\/historiatercerocaup2022.umh.es\/en\/wp-json\/wp\/v2\/posts"}],"about":[{"href":"https:\/\/historiatercerocaup2022.umh.es\/en\/wp-json\/wp\/v2\/types\/post"}],"author":[{"embeddable":true,"href":"https:\/\/historiatercerocaup2022.umh.es\/en\/wp-json\/wp\/v2\/users\/8882"}],"replies":[{"embeddable":true,"href":"https:\/\/historiatercerocaup2022.umh.es\/en\/wp-json\/wp\/v2\/comments?post=1432"}],"version-history":[{"count":0,"href":"https:\/\/historiatercerocaup2022.umh.es\/en\/wp-json\/wp\/v2\/posts\/1432\/revisions"}],"wp:attachment":[{"href":"https:\/\/historiatercerocaup2022.umh.es\/en\/wp-json\/wp\/v2\/media?parent=1432"}],"wp:term":[{"taxonomy":"category","embeddable":true,"href":"https:\/\/historiatercerocaup2022.umh.es\/en\/wp-json\/wp\/v2\/categories?post=1432"},{"taxonomy":"post_tag","embeddable":true,"href":"https:\/\/historiatercerocaup2022.umh.es\/en\/wp-json\/wp\/v2\/tags?post=1432"}],"curies":[{"name":"wp","href":"https:\/\/api.w.org\/{rel}","templated":true}]}}