{"id":871,"date":"2022-03-07T22:25:28","date_gmt":"2022-03-07T21:25:28","guid":{"rendered":"https:\/\/historiatercerocaup2022.umh.es\/?p=871"},"modified":"2022-03-07T22:25:28","modified_gmt":"2022-03-07T21:25:28","slug":"el-franquismo-y-la-represion-de-los-medios-de-comunicacion-alexander-martinez","status":"publish","type":"post","link":"https:\/\/historiatercerocaup2022.umh.es\/en\/2022\/03\/07\/el-franquismo-y-la-represion-de-los-medios-de-comunicacion-alexander-martinez\/","title":{"rendered":"<span lang=\"es\">(Espa\u00f1ol) El franquismo y la represi\u00f3n de los medios de comunicaci\u00f3n-Alexander Mart\u00ednez<\/span>"},"content":{"rendered":"<p class=\"qtranxs-available-languages-message qtranxs-available-languages-message-en\">Sorry, this entry is only available in <a href=\"https:\/\/historiatercerocaup2022.umh.es\/es\/wp-json\/wp\/v2\/posts\/871\" class=\"qtranxs-available-language-link qtranxs-available-language-link-es\" title=\"Espa\u00f1ol\">European Spanish<\/a>.<\/p>","protected":false},"excerpt":{"rendered":"<p>Sorry, this entry is only available in European Spanish.<\/p>\n","protected":false},"author":8972,"featured_media":0,"comment_status":"closed","ping_status":"open","sticky":false,"template":"","format":"standard","meta":{"_et_pb_use_builder":"","_et_pb_old_content":"","_et_gb_content_width":"","_links_to":"","_links_to_target":""},"categories":[983787],"tags":[],"_links":{"self":[{"href":"https:\/\/historiatercerocaup2022.umh.es\/en\/wp-json\/wp\/v2\/posts\/871"}],"collection":[{"href":"https:\/\/historiatercerocaup2022.umh.es\/en\/wp-json\/wp\/v2\/posts"}],"about":[{"href":"https:\/\/historiatercerocaup2022.umh.es\/en\/wp-json\/wp\/v2\/types\/post"}],"author":[{"embeddable":true,"href":"https:\/\/historiatercerocaup2022.umh.es\/en\/wp-json\/wp\/v2\/users\/8972"}],"replies":[{"embeddable":true,"href":"https:\/\/historiatercerocaup2022.umh.es\/en\/wp-json\/wp\/v2\/comments?post=871"}],"version-history":[{"count":0,"href":"https:\/\/historiatercerocaup2022.umh.es\/en\/wp-json\/wp\/v2\/posts\/871\/revisions"}],"wp:attachment":[{"href":"https:\/\/historiatercerocaup2022.umh.es\/en\/wp-json\/wp\/v2\/media?parent=871"}],"wp:term":[{"taxonomy":"category","embeddable":true,"href":"https:\/\/historiatercerocaup2022.umh.es\/en\/wp-json\/wp\/v2\/categories?post=871"},{"taxonomy":"post_tag","embeddable":true,"href":"https:\/\/historiatercerocaup2022.umh.es\/en\/wp-json\/wp\/v2\/tags?post=871"}],"curies":[{"name":"wp","href":"https:\/\/api.w.org\/{rel}","templated":true}]}}